{"id":4590,"date":"2021-07-25T12:44:23","date_gmt":"2021-07-25T09:44:23","guid":{"rendered":"https:\/\/agroman-madagascar.com\/?p=4590"},"modified":"2024-01-25T11:37:24","modified_gmt":"2024-01-25T08:37:24","slug":"celebration-sur-la-plantation-de-la-fete-nationale-malgache-le-26-juin-dernier","status":"publish","type":"post","link":"https:\/\/agroman-madagascar.com\/index.php\/2021\/07\/25\/celebration-sur-la-plantation-de-la-fete-nationale-malgache-le-26-juin-dernier\/","title":{"rendered":"C\u00e9l\u00e9bration sur la plantation de la f\u00eate nationale malgache le 26 juin dernier"},"content":{"rendered":"\n<div class=\"wp-block-image is-style-default\"><figure class=\"aligncenter size-large is-resized\"><img loading=\"lazy\" decoding=\"async\" src=\"https:\/\/agroman-madagascar.com\/wp-content\/uploads\/2021\/07\/Montee-des-couleurs.png\" alt=\"\" class=\"wp-image-4592\" width=\"398\" height=\"398\" srcset=\"https:\/\/agroman-madagascar.com\/wp-content\/uploads\/2021\/07\/Montee-des-couleurs.png 530w, https:\/\/agroman-madagascar.com\/wp-content\/uploads\/2021\/07\/Montee-des-couleurs-300x300.png 300w, https:\/\/agroman-madagascar.com\/wp-content\/uploads\/2021\/07\/Montee-des-couleurs-150x150.png 150w\" sizes=\"auto, (max-width: 398px) 100vw, 398px\" \/><figcaption><em>Mont\u00e9e des couleurs sur fond d&rsquo;hymne national malagasy<\/em><\/figcaption><\/figure><\/div>\n\n\n\n<p>Cette ann\u00e9e l\u2019ensemble du personnel de la plantation c\u2019\u00e9tait r\u00e9uni t\u00f4t le matin pour la traditionnelle mont\u00e9e des couleurs, sur fond d\u2019hymne national de la r\u00e9publique de Madagascar.<\/p>\n\n\n\n<p>C\u2019\u00e9tait l\u2019occasion pour le d\u00e9l\u00e9gu\u00e9 de la Direction G\u00e9n\u00e9rale entour\u00e9 des cadres de la plantation, de distribuer des friandises pour les enfants, ainsi que des ballons pour les joueurs de l\u2019\u00e9quipe de football d\u2019AGROMAN.<\/p>\n\n\n\n<div class=\"wp-block-image\"><figure class=\"aligncenter size-large\"><img loading=\"lazy\" decoding=\"async\" width=\"388\" height=\"291\" src=\"https:\/\/agroman-madagascar.com\/wp-content\/uploads\/2021\/07\/Distribution-aux-enfants.png\" alt=\"\" class=\"wp-image-4593\" srcset=\"https:\/\/agroman-madagascar.com\/wp-content\/uploads\/2021\/07\/Distribution-aux-enfants.png 388w, https:\/\/agroman-madagascar.com\/wp-content\/uploads\/2021\/07\/Distribution-aux-enfants-300x225.png 300w\" sizes=\"auto, (max-width: 388px) 100vw, 388px\" \/><figcaption><em>Distribution de friandises aux enfants du personnel<\/em><\/figcaption><\/figure><\/div>\n\n\n\n<p>Un repas communautaire \u00e0 \u00e9t\u00e9 r\u00e9alis\u00e9 de main de ma\u00eetre par Mme Samueline (Cheffe Magasini\u00e8re) et son \u00e9quipe pour les familles enjou\u00e9es. Au menu ? Du z\u00e9bu (bien s\u00fbr) en rago\u00fbt avec des l\u00e9gumes du potager, bio comme il se doit !<\/p>\n\n\n\n<div class=\"wp-block-image\"><figure class=\"aligncenter size-large\"><img loading=\"lazy\" decoding=\"async\" width=\"476\" height=\"357\" src=\"https:\/\/agroman-madagascar.com\/wp-content\/uploads\/2021\/07\/Lintendance.png\" alt=\"\" class=\"wp-image-4594\" srcset=\"https:\/\/agroman-madagascar.com\/wp-content\/uploads\/2021\/07\/Lintendance.png 476w, https:\/\/agroman-madagascar.com\/wp-content\/uploads\/2021\/07\/Lintendance-300x225.png 300w\" sizes=\"auto, (max-width: 476px) 100vw, 476px\" \/><figcaption><em>L&rsquo;\u00e9quipe de pr\u00e9paration du repas communautaire<\/em><\/figcaption><\/figure><\/div>\n\n\n\n<p>Un bal improvis\u00e9, a d\u00e9but\u00e9 d\u00e8s la fin d\u2019apr\u00e8s-midi pour se finir tard dans la nuit, d\u00e9rangeant pour une fois les animaux de la for\u00eat.<\/p>\n\n\n\n<p>C\u2019est content et satisfait que l\u2019assembl\u00e9e s\u2019est dispers\u00e9e tard dans la nuit, pour regagner leurs parcelles agricoles respectives .<\/p>\n","protected":false},"excerpt":{"rendered":"<p>Cette ann\u00e9e l\u2019ensemble du personnel de la plantation c\u2019\u00e9tait r\u00e9uni t\u00f4t le matin pour la traditionnelle mont\u00e9e des couleurs, sur fond d\u2019hymne national de la r\u00e9publique de Madagascar. C\u2019\u00e9tait l\u2019occasion pour le d\u00e9l\u00e9gu\u00e9 de la Direction G\u00e9n\u00e9rale entour\u00e9 des cadres de la plantation, de distribuer des friandises pour les enfants, ainsi que des ballons pour [&hellip;]<\/p>\n","protected":false},"author":3,"featured_media":0,"comment_status":"closed","ping_status":"closed","sticky":true,"template":"","format":"standard","meta":{"footnotes":""},"categories":[2],"tags":[],"class_list":["post-4590","post","type-post","status-publish","format-standard","hentry","category-blog"],"aioseo_notices":[],"_links":{"self":[{"href":"https:\/\/agroman-madagascar.com\/index.php\/wp-json\/wp\/v2\/posts\/4590","targetHints":{"allow":["GET"]}}],"collection":[{"href":"https:\/\/agroman-madagascar.com\/index.php\/wp-json\/wp\/v2\/posts"}],"about":[{"href":"https:\/\/agroman-madagascar.com\/index.php\/wp-json\/wp\/v2\/types\/post"}],"author":[{"embeddable":true,"href":"https:\/\/agroman-madagascar.com\/index.php\/wp-json\/wp\/v2\/users\/3"}],"replies":[{"embeddable":true,"href":"https:\/\/agroman-madagascar.com\/index.php\/wp-json\/wp\/v2\/comments?post=4590"}],"version-history":[{"count":4,"href":"https:\/\/agroman-madagascar.com\/index.php\/wp-json\/wp\/v2\/posts\/4590\/revisions"}],"predecessor-version":[{"id":4629,"href":"https:\/\/agroman-madagascar.com\/index.php\/wp-json\/wp\/v2\/posts\/4590\/revisions\/4629"}],"wp:attachment":[{"href":"https:\/\/agroman-madagascar.com\/index.php\/wp-json\/wp\/v2\/media?parent=4590"}],"wp:term":[{"taxonomy":"category","embeddable":true,"href":"https:\/\/agroman-madagascar.com\/index.php\/wp-json\/wp\/v2\/categories?post=4590"},{"taxonomy":"post_tag","embeddable":true,"href":"https:\/\/agroman-madagascar.com\/index.php\/wp-json\/wp\/v2\/tags?post=4590"}],"curies":[{"name":"wp","href":"https:\/\/api.w.org\/{rel}","templated":true}]}}